{"id":1016,"date":"2018-09-25T14:41:42","date_gmt":"2018-09-25T12:41:42","guid":{"rendered":"http:\/\/artplastic.fr\/?p=1016"},"modified":"2020-12-12T11:38:55","modified_gmt":"2020-12-12T10:38:55","slug":"dialogue-photographique-avec-alexandra-david-neel-sept-2018","status":"publish","type":"post","link":"https:\/\/artplastic.fr\/?p=1016","title":{"rendered":"Dialogue photographique avec Alexandra David N\u00e9el ( Sept 2018)"},"content":{"rendered":"<p><img loading=\"lazy\" class=\"alignnone wp-image-827 aligncenter\" src=\"http:\/\/artplastic.fr\/wp-content\/uploads\/2018\/09\/IMG_0709-1.jpg\" alt=\"\" width=\"798\" height=\"1196\" srcset=\"https:\/\/artplastic.fr\/wp-content\/uploads\/2018\/09\/IMG_0709-1.jpg 517w, https:\/\/artplastic.fr\/wp-content\/uploads\/2018\/09\/IMG_0709-1-200x300.jpg 200w, https:\/\/artplastic.fr\/wp-content\/uploads\/2018\/09\/IMG_0709-1-370x555.jpg 370w\" sizes=\"(max-width: 798px) 100vw, 798px\" \/><\/p>\n<h1 align=\"center\"><b>Dialogue photographique avec Alexandra David N\u00e9el <\/b><\/h1>\n<h3 align=\"center\">Le voyage, l\u2019aventure, les grandes d\u00e9couvertes, la rencontre de l\u2019autre, l\u2019inconnu\u2026&#8230;.<\/h3>\n<h3 align=\"justify\">La proposition de cette ann\u00e9e pour l\u2019Automne photographique&nbsp;: dialogue avec Alexandra David N\u00e9el, \u00e9tait pour nous, les professeurs du coll\u00e8ge de Saint Bonnet, une superbe entr\u00e9e sur les programmes. Cela repr\u00e9sentait aussi une formidable occasion d\u2019ancrer les apprentissages dans un projet concret et inter-disciplinaires.<\/h3>\n<h3 align=\"justify\">Et si par la m\u00eame occasion, nous avions la possibilit\u00e9 d\u2019ouvrir le coll\u00e8ge vers l\u2019ext\u00e9rieur en nous exposant, en rencontrant des professionnels et un public\u2026. Comment pouvions-nous refuser&nbsp;?<\/h3>\n<h3 align=\"justify\">Nous sommes donc partis pour l\u2019aventure, avec une classe de 5<sup>e <\/sup>et avec le pr\u00e9cieux soutien des professionnels de Regards Alpin.<\/h3>\n<h3 align=\"justify\">Saisissant l\u2019opportunit\u00e9 d\u2019une exposition au Mucem sur le Roman-photos, nous avons choisi comme point de d\u00e9part de fabriquer des romans-photos \u00e0 partir de la mise en sc\u00e8ne de petits mannequins articul\u00e9s que nous avons fait voyager de la montage \u00e0 la mer, du coll\u00e8ge au mus\u00e9e..<\/h3>\n<h3 align=\"center\">Et pour engager les \u00e9l\u00e8ves dans cette exp\u00e9dition, nous avons invent\u00e9 un petit sc\u00e9nario incitateur&nbsp;:<\/h3>\n<h3 align=\"center\"><b>\u00ab&nbsp; Le petit homme en bois s\u2019est \u00e9chapp\u00e9 de la boite noire de l\u2019appareil photographique, trop curieux d\u2019aller voir le monde et d\u00e9couvrir la mer. <\/b><\/h3>\n<h3 align=\"center\"><b>Le probl\u00e8me est que le monde est en noir et blanc et \u00e0 l\u2019envers&nbsp;!<\/b><\/h3>\n<h3 align=\"center\"><b>Difficile de trouver son chemin\u2026.<\/b><\/h3>\n<h3 align=\"center\"><b>D\u2019aventures en aventures, les lois de l\u2019attraction aidants, le monde reprendra ses couleurs et se remettra \u00e0 l\u2019endroit.<\/b><\/h3>\n<h3 align=\"center\"><b>Raconter-nous son histoire au travers d\u2019un Roman-photos que vous mettrez en texte et en images&nbsp;\u00bb<\/b><\/h3>\n<h3 align=\"left\">Adh\u00e9rer, coop\u00e9rer, s\u2019engager sur un certain temps, \u00e9crire, mettre en images, mettre en page, faire des choix qui ont du sens, se remettre en question, pr\u00e9parer l\u2019exposition, l\u2019accrochage, partager avec des professionnels, d\u00e9couvrir des techniques\u2026.<\/h3>\n<h3 align=\"center\">La construction d\u2019un projet est aussi toute une aventure&nbsp;!<\/h3>\n<h3 align=\"justify\">Aujourd\u2019hui, Nous sommes ravis de vous pr\u00e9senter le travail des \u00e9l\u00e8ves, qui plus est en dehors du Coll\u00e8ge, \u00e0 l\u2019occasion de cet Automne photographique de Manse.<\/h3>\n<h3 align=\"justify\">Pour ma part, ce f\u00fbt un r\u00e9el plaisir de voir les \u00e9l\u00e8ves \u00e9voluer, s\u2019investir et inventer .<\/h3>\n<h3 align=\"justify\">L\u2019aventure a d\u00e9marr\u00e9 il y a 7 mois, les enfants entre temps sont rentr\u00e9s en 4e\u2026<sup>.<\/sup><\/h3>\n<h3 align=\"justify\">Une autre aventure commence pour eux, et ce projet est un peu comme une passerelle entre deux ann\u00e9es.<\/h3>\n<h3 align=\"left\"><\/h3>\n<h3 align=\"left\">&nbsp;&nbsp;&nbsp;&nbsp;&nbsp;&nbsp;&nbsp;&nbsp;&nbsp;&nbsp;&nbsp;&nbsp;&nbsp;&nbsp;&nbsp;&nbsp;&nbsp;&nbsp;&nbsp;&nbsp;&nbsp;&nbsp;&nbsp;&nbsp;&nbsp;&nbsp;&nbsp;&nbsp;&nbsp;&nbsp;&nbsp;&nbsp;&nbsp;&nbsp;&nbsp;&nbsp;&nbsp; C\u00e9line Botti\u00e9, professeur d\u2019Arts plastiques, coll\u00e8ge de St Bonnet.<\/h3>\n<h3 align=\"left\">&nbsp;&nbsp;&nbsp;&nbsp;&nbsp;&nbsp;&nbsp;&nbsp;&nbsp;&nbsp;&nbsp;&nbsp;&nbsp;&nbsp;&nbsp;&nbsp;&nbsp;&nbsp;&nbsp;&nbsp;&nbsp;&nbsp;&nbsp;&nbsp;&nbsp;&nbsp;&nbsp;&nbsp;&nbsp;&nbsp;&nbsp;&nbsp;&nbsp;&nbsp;&nbsp;&nbsp;&nbsp;&nbsp;&nbsp;&nbsp;&nbsp;&nbsp;&nbsp;&nbsp;&nbsp;&nbsp;&nbsp;&nbsp;&nbsp;&nbsp;&nbsp;&nbsp;&nbsp;&nbsp;&nbsp;&nbsp;&nbsp;&nbsp;&nbsp;&nbsp;&nbsp;&nbsp;&nbsp;&nbsp;&nbsp;&nbsp;&nbsp;&nbsp;&nbsp;&nbsp;&nbsp;&nbsp;&nbsp;&nbsp;&nbsp;&nbsp;&nbsp;&nbsp;&nbsp;&nbsp;&nbsp;&nbsp;&nbsp;&nbsp;&nbsp;&nbsp;&nbsp;&nbsp;&nbsp;&nbsp;&nbsp;&nbsp;&nbsp;&nbsp;&nbsp;&nbsp;&nbsp;&nbsp;&nbsp;&nbsp;&nbsp;&nbsp;&nbsp;&nbsp;&nbsp;&nbsp;&nbsp;&nbsp;&nbsp;&nbsp;&nbsp;&nbsp;&nbsp;&nbsp;&nbsp;&nbsp;&nbsp;&nbsp;&nbsp;&nbsp;&nbsp;&nbsp;&nbsp;&nbsp;&nbsp;&nbsp;&nbsp;&nbsp;&nbsp;&nbsp;&nbsp;&nbsp;&nbsp;&nbsp;&nbsp;&nbsp;&nbsp;&nbsp; <a href=\"http:\/\/artplastic.fr\/\">RETOUR<\/a><\/h3>\n","protected":false},"excerpt":{"rendered":"<p>Dialogue photographique avec Alexandra David N\u00e9el Le voyage, l\u2019aventure, les grandes d\u00e9couvertes, la rencontre de l\u2019autre, l\u2019inconnu\u2026&#8230;. La proposition de cette ann\u00e9e pour l\u2019Automne photographique&nbsp;: dialogue avec Alexandra David N\u00e9el, \u00e9tait pour nous, les professeurs[&#8230;]<\/p>\n","protected":false},"author":1,"featured_media":761,"comment_status":"closed","ping_status":"closed","sticky":false,"template":"","format":"standard","meta":[],"categories":[1],"tags":[],"_links":{"self":[{"href":"https:\/\/artplastic.fr\/index.php?rest_route=\/wp\/v2\/posts\/1016"}],"collection":[{"href":"https:\/\/artplastic.fr\/index.php?rest_route=\/wp\/v2\/posts"}],"about":[{"href":"https:\/\/artplastic.fr\/index.php?rest_route=\/wp\/v2\/types\/post"}],"author":[{"embeddable":true,"href":"https:\/\/artplastic.fr\/index.php?rest_route=\/wp\/v2\/users\/1"}],"replies":[{"embeddable":true,"href":"https:\/\/artplastic.fr\/index.php?rest_route=%2Fwp%2Fv2%2Fcomments&post=1016"}],"version-history":[{"count":4,"href":"https:\/\/artplastic.fr\/index.php?rest_route=\/wp\/v2\/posts\/1016\/revisions"}],"predecessor-version":[{"id":1934,"href":"https:\/\/artplastic.fr\/index.php?rest_route=\/wp\/v2\/posts\/1016\/revisions\/1934"}],"wp:featuredmedia":[{"embeddable":true,"href":"https:\/\/artplastic.fr\/index.php?rest_route=\/wp\/v2\/media\/761"}],"wp:attachment":[{"href":"https:\/\/artplastic.fr\/index.php?rest_route=%2Fwp%2Fv2%2Fmedia&parent=1016"}],"wp:term":[{"taxonomy":"category","embeddable":true,"href":"https:\/\/artplastic.fr\/index.php?rest_route=%2Fwp%2Fv2%2Fcategories&post=1016"},{"taxonomy":"post_tag","embeddable":true,"href":"https:\/\/artplastic.fr\/index.php?rest_route=%2Fwp%2Fv2%2Ftags&post=1016"}],"curies":[{"name":"wp","href":"https:\/\/api.w.org\/{rel}","templated":true}]}}