{"id":1010,"date":"2019-06-25T13:05:56","date_gmt":"2019-06-25T11:05:56","guid":{"rendered":"http:\/\/artplastic.fr\/?p=1010"},"modified":"2020-12-12T11:38:35","modified_gmt":"2020-12-12T10:38:35","slug":"la-fresque","status":"publish","type":"post","link":"https:\/\/artplastic.fr\/?p=1010","title":{"rendered":"La fresque (Mai 2019)"},"content":{"rendered":"<p><a href=\" http:\/\/artplastic.fr\/?page_id=1004\"><img loading=\"lazy\" class=\"alignnone wp-image-1005 size-full\" title=\"cliquer\" src=\"http:\/\/artplastic.fr\/wp-content\/uploads\/2019\/06\/page-dacceuil-1.jpg\" alt=\"\" width=\"3648\" height=\"2736\"><\/a><\/p>\n<p><strong>La classe de 3eC du coll\u00e8ge de Saint Bonnet a travaill\u00e9, cette ann\u00e9e, avec une classe de primaire de Chaillol pour la cr\u00e9ation d&rsquo;une Fresque compos\u00e9e de 6 panneaux.<\/strong><\/p>\n<p>La commande \u00e9tait double, une fresque pour le coll\u00e8ge suite \u00e0 des travaux qu&rsquo;il fallait camoufler, une fresque pour l\u2019\u00c9cole pour habiller&nbsp; le pr\u00e9au un peu triste.<\/p>\n<p>Une fresque&#8230;Grande, durable, expos\u00e9e \u00e0 tous&#8230;.Il y a quelques enjeux de r\u00e9ussite dans la r\u00e9alisation d&rsquo;une fresque !<\/p>\n<h3 style=\"text-align: right;\"><a href=\"http:\/\/artplastic.fr\/?page_id=1004\">le projet&gt;&gt;&gt;&gt;&gt;&gt;&gt;<\/a><\/h3>\n<p><a href=\"http:\/\/artplastic.fr\">&lt;&lt;&lt;&lt; RETOUR VERS L&rsquo;ACCEUIL<\/a><\/p>\n","protected":false},"excerpt":{"rendered":"<p>La classe de 3eC du coll\u00e8ge de Saint Bonnet a travaill\u00e9, cette ann\u00e9e, avec une classe de primaire de Chaillol pour la cr\u00e9ation d&rsquo;une Fresque compos\u00e9e de 6 panneaux. La commande \u00e9tait double, une fresque[&#8230;]<\/p>\n","protected":false},"author":1,"featured_media":960,"comment_status":"closed","ping_status":"closed","sticky":false,"template":"","format":"image","meta":[],"categories":[1],"tags":[],"_links":{"self":[{"href":"https:\/\/artplastic.fr\/index.php?rest_route=\/wp\/v2\/posts\/1010"}],"collection":[{"href":"https:\/\/artplastic.fr\/index.php?rest_route=\/wp\/v2\/posts"}],"about":[{"href":"https:\/\/artplastic.fr\/index.php?rest_route=\/wp\/v2\/types\/post"}],"author":[{"embeddable":true,"href":"https:\/\/artplastic.fr\/index.php?rest_route=\/wp\/v2\/users\/1"}],"replies":[{"embeddable":true,"href":"https:\/\/artplastic.fr\/index.php?rest_route=%2Fwp%2Fv2%2Fcomments&post=1010"}],"version-history":[{"count":11,"href":"https:\/\/artplastic.fr\/index.php?rest_route=\/wp\/v2\/posts\/1010\/revisions"}],"predecessor-version":[{"id":1933,"href":"https:\/\/artplastic.fr\/index.php?rest_route=\/wp\/v2\/posts\/1010\/revisions\/1933"}],"wp:featuredmedia":[{"embeddable":true,"href":"https:\/\/artplastic.fr\/index.php?rest_route=\/wp\/v2\/media\/960"}],"wp:attachment":[{"href":"https:\/\/artplastic.fr\/index.php?rest_route=%2Fwp%2Fv2%2Fmedia&parent=1010"}],"wp:term":[{"taxonomy":"category","embeddable":true,"href":"https:\/\/artplastic.fr\/index.php?rest_route=%2Fwp%2Fv2%2Fcategories&post=1010"},{"taxonomy":"post_tag","embeddable":true,"href":"https:\/\/artplastic.fr\/index.php?rest_route=%2Fwp%2Fv2%2Ftags&post=1010"}],"curies":[{"name":"wp","href":"https:\/\/api.w.org\/{rel}","templated":true}]}}